{"id":5099,"date":"2026-02-26T10:51:42","date_gmt":"2026-02-26T09:51:42","guid":{"rendered":"https:\/\/sipt.umh.es\/?p=5099"},"modified":"2026-02-26T11:20:30","modified_gmt":"2026-02-26T10:20:30","slug":"la-umh-aprueba-la-hoja-de-ruta-tecnologica-para-los-proximos-cinco-anos-el-plan-estrategico-de-ti-2026-2030","status":"publish","type":"post","link":"https:\/\/sipt.umh.es\/ca\/2026\/02\/26\/la-umh-aprueba-la-hoja-de-ruta-tecnologica-para-los-proximos-cinco-anos-el-plan-estrategico-de-ti-2026-2030\/","title":{"rendered":"La UMH aprova el full de ruta tecnol\u00f2gic per als pr\u00f2xims cinc anys: el Pla Estrat\u00e8gic de TI 2026-2030"},"content":{"rendered":"<p><\/p>\n<div class=\"paragraph normal ng-star-inserted\" style=\"text-align: justify;\" data-start-index=\"257\"><span class=\"ng-star-inserted\" data-start-index=\"257\"><img loading=\"lazy\" class=\"alignleft wp-image-5105\" src=\"https:\/\/sipt.umh.es\/files\/2026\/02\/plan-ti_Pa\u0301gina_23-1024x576.jpg\" alt=\"\" width=\"444\" height=\"250\" srcset=\"https:\/\/sipt.umh.es\/files\/2026\/02\/plan-ti_Pa\u0301gina_23-1024x576.jpg 1024w, https:\/\/sipt.umh.es\/files\/2026\/02\/plan-ti_Pa\u0301gina_23-300x169.jpg 300w, https:\/\/sipt.umh.es\/files\/2026\/02\/plan-ti_Pa\u0301gina_23-768x432.jpg 768w, https:\/\/sipt.umh.es\/files\/2026\/02\/plan-ti_Pa\u0301gina_23-1536x864.jpg 1536w, https:\/\/sipt.umh.es\/files\/2026\/02\/plan-ti_Pa\u0301gina_23-2048x1152.jpg 2048w\" sizes=\"(max-width: 444px) 100vw, 444px\" \/>La <a href=\"https:\/\/www.umh.es\/?lang=VAL\">Universitat Miguel Hern\u00e1ndez d&#8217;Elx<\/a> ha <\/span>aprovat<span class=\"ng-star-inserted\" data-start-index=\"305\"> el seu <\/span>Pla Estrat\u00e8gic de Tecnologies de la Informaci\u00f3 (TI) 2026-2030<span class=\"ng-star-inserted\" data-start-index=\"374\">, un document que recull l&#8217;horitz\u00f3 institucional en mat\u00e8ria de TI per als pr\u00f2xims cinc anys<\/span><span class=\"ng-star-inserted\" data-start-index=\"465\">. Este pla naix de la necessitat de definir i establir objectius estrat\u00e8gics orientats a la millora institucional mitjan\u00e7ant l&#8217;\u00fas de la tecnologia, tot impulsant la innovaci\u00f3 i optimitzant la gesti\u00f3 de les diferents \u00e0rees de la universitat<\/span><span class=\"ng-star-inserted\" data-start-index=\"704\">. El seu objectiu fonamental \u00e9s <\/span>satisfer les necessitats que t\u00e9 la comunitat universit\u00e0ria en els \u00e0mbits d&#8217;innovaci\u00f3, doc\u00e8ncia, investigaci\u00f3 i gesti\u00f3<span class=\"ng-star-inserted\" data-start-index=\"853\">, encarregant-se del desenvolupament i manteniment de tots els aplicatius referents al tractament de la informaci\u00f3 i del mateix campus virtual<\/span><span class=\"ng-star-inserted\" data-start-index=\"995\">.<\/span><\/div>\n<div style=\"text-align: justify;\" data-start-index=\"257\"><\/div>\n<div class=\"paragraph normal ng-star-inserted\" style=\"text-align: justify;\" data-start-index=\"996\"><span class=\"ng-star-inserted\" data-start-index=\"996\">El document s&#8217;articula en <\/span>quatre l\u00ednies estrat\u00e8giques<span class=\"ng-star-inserted\" data-start-index=\"1049\">: Governan\u00e7a de TI; Desenvolupament, doc\u00e8ncia en l\u00ednia i accessibilitat; Infraestructura TI; i Ciberseguretat<\/span><span class=\"ng-star-inserted\" data-start-index=\"1158\">. Amb el desenvolupament d&#8217;estes l\u00ednies, la UMH aspira a treballar en una \u00fanica direcci\u00f3 comuna de tota la Universitat, fent servir com a punta de llan\u00e7a els seus Serveis de TI per a <\/span>&#8220;superar els desafiaments actuals i els que estan per arribar, en un entorn tecnol\u00f2gic en constant disrupci\u00f3&#8221;<span class=\"ng-star-inserted\" data-start-index=\"1450\">. En este sentit, la instituci\u00f3 creu fermament en l&#8217;\u00fas d&#8217;eines basades en <\/span>Intel\u00b7lig\u00e8ncia Artificial (IA)<span class=\"ng-star-inserted\" data-start-index=\"1554\"> per a dinamitzar la doc\u00e8ncia, refor\u00e7ar l&#8217;aprenentatge per part de l&#8217;estudiantat i impulsar la investigaci\u00f3 mitjan\u00e7ant l&#8217;an\u00e0lisi de grans volums de dades de manera m\u00e9s eficient<\/span><span class=\"ng-star-inserted\" data-start-index=\"1730\">.<\/span><\/div>\n<div style=\"text-align: justify;\" data-start-index=\"996\"><\/div>\n<div class=\"paragraph normal ng-star-inserted\" style=\"text-align: justify;\" data-start-index=\"1731\"><span class=\"ng-star-inserted\" data-start-index=\"1731\">Sota un model de Desenvolupament Sostenible, el pla fomenta l&#8217;efici\u00e8ncia i racionalitzaci\u00f3 pressupost\u00e0ria, donant suport a la promoci\u00f3 de l&#8217;<\/span>equitat, inclusi\u00f3, respecte a la diversitat i conservaci\u00f3 del medi ambient<span class=\"ng-star-inserted\" data-start-index=\"1945\">. La universitat aposta per una infraestructura tecnol\u00f2gica escalable que minimitze l&#8217;impacte ambiental (<\/span>Green IT<span class=\"ng-star-inserted\" data-start-index=\"2058\">) i optimitze l&#8217;\u00fas dels recursos disponibles<\/span><span class=\"ng-star-inserted\" data-start-index=\"2102\">. Finalment, este Horitz\u00f3 2030 situa el factor hum\u00e0 en el centre de l&#8217;estrat\u00e8gia, reconeixent que <\/span>&#8220;les persones s\u00f3n l&#8217;actiu m\u00e9s important en els serveis de TI per a liderar la transformaci\u00f3 digital&#8221;<span class=\"ng-star-inserted\" data-start-index=\"2300\">, per la qual cosa es garantir\u00e0 la formaci\u00f3 cont\u00ednua per a captar i retindre el talent de la comunitat universit\u00e0ria<\/span><span class=\"ng-star-inserted\" data-start-index=\"2416\">.<\/span><\/div>\n<div data-start-index=\"1731\"><\/div>\n<div data-start-index=\"1731\">\n<div data-start-index=\"1490\">El pla estrat\u00e8gic es pot consultar en el seg\u00fcent enlla\u00e7 <a href=\"https:\/\/sipt.umh.es\/files\/2026\/02\/Plan-Estrategico-TI-UMH-Horizonte-2030.pdf\">Plan-Estrategico-TI-UMH-Horizonte-2030<\/a><\/div>\n<div data-start-index=\"1490\"><\/div>\n<\/div>\n<p><\/p>","protected":false},"excerpt":{"rendered":"<p>La Universitat Miguel Hern\u00e1ndez d&#8217;Elx ha aprovat el seu Pla Estrat\u00e8gic de Tecnologies de la Informaci\u00f3 (TI) 2026-2030, un document que recull l&#8217;horitz\u00f3 institucional en mat\u00e8ria de TI per als pr\u00f2xims cinc anys. Este pla naix de la necessitat de definir i establir objectius estrat\u00e8gics orientats a la millora institucional mitjan\u00e7ant l&#8217;\u00fas de la tecnologia, [&#8230;]<\/p>\n","protected":false},"author":3804,"featured_media":5102,"comment_status":"closed","ping_status":"open","sticky":false,"template":"","format":"standard","meta":{"_links_to":"","_links_to_target":""},"categories":[15874],"tags":[],"_links":{"self":[{"href":"https:\/\/sipt.umh.es\/ca\/wp-json\/wp\/v2\/posts\/5099"}],"collection":[{"href":"https:\/\/sipt.umh.es\/ca\/wp-json\/wp\/v2\/posts"}],"about":[{"href":"https:\/\/sipt.umh.es\/ca\/wp-json\/wp\/v2\/types\/post"}],"author":[{"embeddable":true,"href":"https:\/\/sipt.umh.es\/ca\/wp-json\/wp\/v2\/users\/3804"}],"replies":[{"embeddable":true,"href":"https:\/\/sipt.umh.es\/ca\/wp-json\/wp\/v2\/comments?post=5099"}],"version-history":[{"count":0,"href":"https:\/\/sipt.umh.es\/ca\/wp-json\/wp\/v2\/posts\/5099\/revisions"}],"wp:featuredmedia":[{"embeddable":true,"href":"https:\/\/sipt.umh.es\/ca\/wp-json\/wp\/v2\/media\/5102"}],"wp:attachment":[{"href":"https:\/\/sipt.umh.es\/ca\/wp-json\/wp\/v2\/media?parent=5099"}],"wp:term":[{"taxonomy":"category","embeddable":true,"href":"https:\/\/sipt.umh.es\/ca\/wp-json\/wp\/v2\/categories?post=5099"},{"taxonomy":"post_tag","embeddable":true,"href":"https:\/\/sipt.umh.es\/ca\/wp-json\/wp\/v2\/tags?post=5099"}],"curies":[{"name":"wp","href":"https:\/\/api.w.org\/{rel}","templated":true}]}}